{"id":393,"date":"2013-09-03T17:17:41","date_gmt":"2013-09-03T16:17:41","guid":{"rendered":"http:\/\/www.tarja.fr\/web\/?p=393"},"modified":"2013-09-03T17:18:10","modified_gmt":"2013-09-03T16:18:10","slug":"0309-nouvelles-dates-de-concert-en-france","status":"publish","type":"post","link":"http:\/\/www.tarja.fr\/web\/0309-nouvelles-dates-de-concert-en-france\/","title":{"rendered":"03\/09 : Nouvelles dates de concert en France !"},"content":{"rendered":"<p>Cinq nouvelles dates fran\u00e7aises viennent s&rsquo;ajouter \u00e0 la date parisienne pour Tarja, dans le cadre de sa tourn\u00e9e \u00ab\u00a0Colours In The Road 2013\/2014\u00a0\u00bb !<\/p>\n<p>04 Novembre 2013 : Paris (Le Bataclan)<br \/>\n03 F\u00e9vrier 2014 : Toulouse (Le Bikini)<br \/>\n04 F\u00e9vrier 2014 : Marseille (Espace Julien)<br \/>\n06 F\u00e9vrier 2014 : Lyon (Le Transbordeur)<br \/>\n07 F\u00e9vrier 2014 : Bordeaux (Le Krakatoa)<br \/>\n09 F\u00e9vrier 2014 : Lille (Le Splendid)<\/p>\n","protected":false},"excerpt":{"rendered":"<p>Cinq nouvelles dates fran\u00e7aises viennent s&rsquo;ajouter \u00e0 la date parisienne pour Tarja, dans le cadre de sa tourn\u00e9e \u00ab\u00a0Colours In The Road 2013\/2014\u00a0\u00bb ! 04 Novembre 2013 : Paris (Le Bataclan) 03 F\u00e9vrier 2014 : Toulouse (Le Bikini) 04 F\u00e9vrier 2014 : Marseille (Espace Julien) 06 F\u00e9vrier 2014 : Lyon (Le Transbordeur) 07 F\u00e9vrier 2014 [&hellip;]<\/p>\n","protected":false},"author":1,"featured_media":0,"comment_status":"closed","ping_status":"open","sticky":false,"template":"","format":"standard","meta":{"footnotes":""},"categories":[2],"tags":[],"class_list":["post-393","post","type-post","status-publish","format-standard","hentry","category-news"],"_links":{"self":[{"href":"http:\/\/www.tarja.fr\/web\/wp-json\/wp\/v2\/posts\/393","targetHints":{"allow":["GET"]}}],"collection":[{"href":"http:\/\/www.tarja.fr\/web\/wp-json\/wp\/v2\/posts"}],"about":[{"href":"http:\/\/www.tarja.fr\/web\/wp-json\/wp\/v2\/types\/post"}],"author":[{"embeddable":true,"href":"http:\/\/www.tarja.fr\/web\/wp-json\/wp\/v2\/users\/1"}],"replies":[{"embeddable":true,"href":"http:\/\/www.tarja.fr\/web\/wp-json\/wp\/v2\/comments?post=393"}],"version-history":[{"count":2,"href":"http:\/\/www.tarja.fr\/web\/wp-json\/wp\/v2\/posts\/393\/revisions"}],"predecessor-version":[{"id":395,"href":"http:\/\/www.tarja.fr\/web\/wp-json\/wp\/v2\/posts\/393\/revisions\/395"}],"wp:attachment":[{"href":"http:\/\/www.tarja.fr\/web\/wp-json\/wp\/v2\/media?parent=393"}],"wp:term":[{"taxonomy":"category","embeddable":true,"href":"http:\/\/www.tarja.fr\/web\/wp-json\/wp\/v2\/categories?post=393"},{"taxonomy":"post_tag","embeddable":true,"href":"http:\/\/www.tarja.fr\/web\/wp-json\/wp\/v2\/tags?post=393"}],"curies":[{"name":"wp","href":"https:\/\/api.w.org\/{rel}","templated":true}]}}