{"id":585,"date":"2016-04-24T23:46:40","date_gmt":"2016-04-24T22:46:40","guid":{"rendered":"http:\/\/www.tarja.fr\/web\/?p=585"},"modified":"2016-04-24T23:46:40","modified_gmt":"2016-04-24T22:46:40","slug":"250416-the-voice-of-finland","status":"publish","type":"post","link":"http:\/\/www.tarja.fr\/web\/250416-the-voice-of-finland\/","title":{"rendered":"25\/04\/16 : The Voice Of Finland"},"content":{"rendered":"<p>Deuxi\u00e8me ann\u00e9e cons\u00e9cutive que Tarja est coach dans la version finlandaise de THE VOICE, et pour la 2e ann\u00e9e cons\u00e9cutive, la gagnante est dans son \u00e9quipe ! \ud83d\ude00<\/p>\n<p>Petite vid\u00e9o de la finale dans laquelle Tarja chante en duo avec la (future) gagnante \u00ab\u00a0Bohemian Rhapsody\u00a0\u00bb de Queen \ud83d\ude42<\/p>\n<p><iframe loading=\"lazy\" src=\"https:\/\/www.youtube.com\/embed\/3FRpAVNQNkY\" width=\"560\" height=\"315\" frameborder=\"0\" allowfullscreen=\"allowfullscreen\"><\/iframe><\/p>\n","protected":false},"excerpt":{"rendered":"<p>Deuxi\u00e8me ann\u00e9e cons\u00e9cutive que Tarja est coach dans la version finlandaise de THE VOICE, et pour la 2e ann\u00e9e cons\u00e9cutive, la gagnante est dans son \u00e9quipe ! \ud83d\ude00 Petite vid\u00e9o de la finale dans laquelle Tarja chante en duo avec la (future) gagnante \u00ab\u00a0Bohemian Rhapsody\u00a0\u00bb de Queen \ud83d\ude42<\/p>\n","protected":false},"author":1,"featured_media":0,"comment_status":"closed","ping_status":"open","sticky":false,"template":"","format":"standard","meta":{"footnotes":""},"categories":[2],"tags":[],"class_list":["post-585","post","type-post","status-publish","format-standard","hentry","category-news"],"_links":{"self":[{"href":"http:\/\/www.tarja.fr\/web\/wp-json\/wp\/v2\/posts\/585","targetHints":{"allow":["GET"]}}],"collection":[{"href":"http:\/\/www.tarja.fr\/web\/wp-json\/wp\/v2\/posts"}],"about":[{"href":"http:\/\/www.tarja.fr\/web\/wp-json\/wp\/v2\/types\/post"}],"author":[{"embeddable":true,"href":"http:\/\/www.tarja.fr\/web\/wp-json\/wp\/v2\/users\/1"}],"replies":[{"embeddable":true,"href":"http:\/\/www.tarja.fr\/web\/wp-json\/wp\/v2\/comments?post=585"}],"version-history":[{"count":1,"href":"http:\/\/www.tarja.fr\/web\/wp-json\/wp\/v2\/posts\/585\/revisions"}],"predecessor-version":[{"id":586,"href":"http:\/\/www.tarja.fr\/web\/wp-json\/wp\/v2\/posts\/585\/revisions\/586"}],"wp:attachment":[{"href":"http:\/\/www.tarja.fr\/web\/wp-json\/wp\/v2\/media?parent=585"}],"wp:term":[{"taxonomy":"category","embeddable":true,"href":"http:\/\/www.tarja.fr\/web\/wp-json\/wp\/v2\/categories?post=585"},{"taxonomy":"post_tag","embeddable":true,"href":"http:\/\/www.tarja.fr\/web\/wp-json\/wp\/v2\/tags?post=585"}],"curies":[{"name":"wp","href":"https:\/\/api.w.org\/{rel}","templated":true}]}}